{"id":1582,"date":"2026-04-23T06:35:28","date_gmt":"2026-04-23T06:35:28","guid":{"rendered":"https:\/\/1assurancehabitation.fr\/index.php\/amenagement-lumiere-naturelle\/"},"modified":"2026-04-23T06:35:28","modified_gmt":"2026-04-23T06:35:28","slug":"amenagement-lumiere-naturelle","status":"publish","type":"post","link":"https:\/\/1assurancehabitation.fr\/index.php\/amenagement-lumiere-naturelle\/","title":{"rendered":"Am\u00e9nagement int\u00e9rieur et lumi\u00e8re naturelle : conseils pratiques"},"content":{"rendered":"<p><strong>En bref<\/strong><\/p>\n\n<ul class=\"wp-block-list\"><li>Cet article raconte mon exp\u00e9rience personnelle d\u2019am\u00e9nagement int\u00e9rieur pour optimiser la <strong>lumi\u00e8re naturelle<\/strong> et cr\u00e9er des <strong>espaces lumineux<\/strong> en 2025, avec des conseils concrets et des exemples tir\u00e9s du quotidien.<\/li><li>On part d\u2019un diagnostic simple des pi\u00e8ces et des zones d\u2019ombre, puis on agit par l\u2019am\u00e9nagement, les mat\u00e9riaux et les ouvertures pour laisser entrer le jour sans surchauffer.<\/li><li>Vous d\u00e9couvrirez des m\u00e9thodes pratiques pour d\u00e9sencombrer, disposer le mobilier bas, utiliser des miroirs et choisir des stores ou vitrages intelligents afin d\u2019optimiser la <strong>ambiance lumineuse<\/strong> et r\u00e9duire l\u2019\u00e9clairage artificiel.<\/li><li>Pour aller plus loin, two ressources utiles sur l\u2019am\u00e9nagement int\u00e9rieur et le style d\u00e9co sont r\u00e9f\u00e9renc\u00e9es ci-dessous.<\/li><\/ul>\n\n<p>En 2025, j\u2019ai d\u00e9cid\u00e9 de reprendre mon petit appartement pour en faire un lieu o\u00f9 la lumi\u00e8re joue le r\u00f4le principal. Tout a commenc\u00e9 par une observation simple: certaines pi\u00e8ces poraient gagner en clart\u00e9 si on r\u00e9organisait l\u2019espace, lib\u00e9rait les vues et choisissait des finitions r\u00e9fl\u00e9chissantes. Je me suis mis en t\u00eate que le design durable pouvait aller de pair avec le confort quotidien: moins d\u2019\u00e9clairage artificiel le jour, mais plus d\u2019\u00e9nergie et d\u2019humeur positive \u00e0 longueur de journ\u00e9e. J\u2019ai alors mesur\u00e9, ajust\u00e9 et test\u00e9 des solutions simples qui n\u2019\u00e9taient pas r\u00e9serv\u00e9es aux projets co\u00fbteux. Une fois les volumes clarifi\u00e9s, les couleurs claires et les surfaces sensibles \u00e0 la lumi\u00e8re choisies, la magie op\u00e9rait: un salon qui para\u00eet plus grand, une cuisine qui para\u00eet plus lumineuse et des couloirs qui ne paraissent plus sombres. Figurez-vous que ce sont des d\u00e9tails, parfois minimes, qui font une vraie diff\u00e9rence. Entre nous soit dit, ce travail m\u2019a aussi donn\u00e9 envie de pousser plus loin le lien entre ameublement et lumi\u00e8re, sans sacrifier le budget ni le confort.<\/p>\n\n<h2 class=\"wp-block-heading\">Am\u00e9nagement int\u00e9rieur et lumi\u00e8re naturelle : conseils pratiques<\/h2>\n\n<h3 class=\"wp-block-heading\">\u00c9valuer la luminosit\u00e9 naturelle dans chaque pi\u00e8ce<\/h3>\n\n<p>Pour moi, le point de d\u00e9part a \u00e9t\u00e9 un diagnostic simple: o\u00f9 la lumi\u00e8re entre-t-elle vraiment et o\u00f9 est-ce que certaines zones restent sombres? J\u2019ai pass\u00e9 une journ\u00e9e \u00e0 observer l\u2019entr\u00e9e, le salon, les chambres et les couloirs, en notant l\u2019orientation des ouvertures et les \u00e9ventuels obstacles. Les pi\u00e8ces expos\u00e9es au sud m\u2019offraient des apr\u00e8s-midi \u00e9clatants, tandis que les zones nord ou int\u00e9rieures manquaient de relief lumineux. J\u2019ai cr\u00e9\u00e9 un petit plan annot\u00e9 pour visualiser les sources et les zones d\u2019ombre, en me concentrant sur les <strong>fen\u00eatres<\/strong>, les portes vitr\u00e9es et les reflets potentiels. Le but \u00e9tait clair: comprendre comment chaque mat\u00e9riau et chaque meuble impactaient la circulation de la lumi\u00e8re dans l\u2019espace. Si vous voulez aller plus loin, vous pouvez consulter des ressources sur l\u2019am\u00e9nagement int\u00e9rieur et l\u2019optimisation des espaces, notamment les bases de l\u2019am\u00e9nagement et le style d\u2019int\u00e9rieur pour nourrir votre r\u00e9flexion.<\/p>\n\n<figure class=\"wp-block-table\"><table>\n<thead>\n<tr>\n<th>Pi\u00e8ce<\/th>\n<th>Niveau actuel de luminosit\u00e9<\/th>\n<th>Actions rapides<\/th>\n<\/tr>\n<\/thead>\n<tbody>\n<tr>\n<td>Entr\u00e9e sans fen\u00eatre<\/td>\n<td>Sombre<\/td>\n<td>\u00c9clairer avec lumi\u00e8re indirecte et miroir long<\/td>\n<\/tr>\n<tr>\n<td>Salon expos\u00e9 sud<\/td>\n<td>Tr\u00e8s lumineux<\/td>\n<td>\u00c9viter l\u2019\u00e9blouissement avec stores l\u00e9gers<\/td>\n<\/tr>\n<tr>\n<td>Chambre orient\u00e9e nord<\/td>\n<td>Moyennement lumineux<\/td>\n<td>Tableaux r\u00e9fl\u00e9chissants et tapis clair<\/td>\n<\/tr>\n<tr>\n<td>Couloir int\u00e9rieur<\/td>\n<td>Peu lumineux<\/td>\n<td>Puits de lumi\u00e8re ou miroir strat\u00e9gique<\/td>\n<\/tr>\n<\/tbody>\n<\/table><\/figure>\n\n<h3 class=\"wp-block-heading\">Maximiser la lumi\u00e8re gr\u00e2ce \u00e0 l\u2019agencement et aux mat\u00e9riaux<\/h3>\n\n<p>Concr\u00e8tement, j\u2019ai commenc\u00e9 par d\u00e9gager l\u2019espace devant les fen\u00eatres et privil\u00e9gier des meubles bas qui laissent passer la lumi\u00e8re. J\u2019ai aussi plac\u00e9 des miroirs de mani\u00e8re r\u00e9fl\u00e9chissante pour doubler l\u2019\u00e9clairage sans ajouter d\u2019\u00e9lectricit\u00e9, tout en choisissant des surfaces claires et satin\u00e9es. Les textiles translucides et les teintes claires sur les murs ont jou\u00e9 un r\u00f4le majeur dans la diffusion de la lumi\u00e8re. Voici ce que j\u2019ai essay\u00e9 et qui a fonctionn\u00e9 pour moi: <\/p>\n\n<ul class=\"wp-block-list\"><li>D\u00e9sencombrer les zones autour des ouvertures pour laisser circuler le jour<\/li><li>Utiliser des meubles <strong>bas<\/strong> et des finitions claires<\/li><li>Positionner des miroirs r\u00e9fl\u00e9chissants face \u00e0 des sources lumineuses<\/li><li>Opter pour des stores translucides qui filtrent sans tout bloquer<\/li><li>Choisir des rev\u00eatements clairs et brillants pour les sols et les murs<\/li><\/ul>\n\n<h3 class=\"wp-block-heading\">Choisir les ouvertures et les syst\u00e8mes d\u2019\u00e9clairage<\/h3>\n\n<p>Les ouvertures jouent un r\u00f4le pivot. J\u2019ai privil\u00e9gi\u00e9 des fen\u00eatres de fa\u00e7ade proportionn\u00e9es et des solutions comme des puits de lumi\u00e8re dans les espaces centraux, afin d\u2019apporter le jour l\u00e0 o\u00f9 il est le plus n\u00e9cessaire. Les Velux dans les combles et des puits de lumi\u00e8re Solatube ont permis d\u2019\u00e9clairer des zones habituellement sombres sans ouvrir de nouvelles fa\u00e7ades. Pour r\u00e9guler l\u2019apport lumineux et \u00e9viter les surchauffes, j\u2019ai test\u00e9 des vitrages intelligents et des stores adapt\u00e9s: SageGlass, par exemple, pour moduler la teinte en fonction de l\u2019ensoleillement. Si vous cherchez des guides complets, ces documents sur le style et l\u2019am\u00e9nagement int\u00e9rieur proposent des approches compl\u00e9mentaires \u00e0 celles d\u00e9crites ici.<\/p>\n\n<p>Pour approfondir le sujet et d\u00e9couvrir des id\u00e9es similaires, consultez <a href=\"https:\/\/1assurancehabitation.fr\/index.php\/style-amenagement-interieur\/\">Style d\u2019am\u00e9nagement int\u00e9rieur<\/a> et les bases de l\u2019am\u00e9nagement int\u00e9rieur <a href=\"https:\/\/1assurancehabitation.fr\/index.php\/amenagement-interieur-bases\/\">ici<\/a>.<\/p>\n\n<h3 class=\"wp-block-heading\">Gestion de la lumi\u00e8re naturelle et architecture<\/h3>\n\n<p>La gestion raisonn\u00e9e de la lumi\u00e8re passe aussi par des solutions architecturales simples mais efficaces. J\u2019ai install\u00e9 des cloisons vitr\u00e9es et des portes en verre lorsque possible pour garder des volumes fluides tout en permettant \u00e0 la lumi\u00e8re de circuler. Pour les zones qui voient peu de lumi\u00e8re directe, j\u2019ai utilis\u00e9 des vitrages r\u00e9fl\u00e9chissants et des stores ext\u00e9rieurs pour limiter les surchauffes l\u2019\u00e9t\u00e9 sans obstruer la vue. Des r\u00e9flexions sur la valeur de la lumi\u00e8re naturelle dans la d\u00e9coration int\u00e9rieure se trouvent dans les ressources d\u00e9di\u00e9es \u00e0 l\u2019optimisation lumi\u00e8re et au design durable.<\/p>\n\n<ol class=\"wp-block-list\"><li>Ouvrir les grands volumes avec des baies vitr\u00e9es et des puits de lumi\u00e8re<\/li><li>Utiliser des vitrages \u00e0 r\u00e9flexion \u00e9lev\u00e9e et des stores adapt\u00e9s<\/li><li>Employer des cloisons vitr\u00e9es pour relier les espaces sans bloquer la lumi\u00e8re<\/li><\/ol>\n\n<p><istoimage prompt=\"Open-plan interior with glass partitions maximizing daylight\"><\/istoimage><\/p>\n\n<h3 class=\"wp-block-heading\">Plantes d\u2019int\u00e9rieur et ambiance lumineuse<\/h3>\n\n<p>Les plantes ne servent pas seulement \u00e0 d\u00e9corer, elles participent aussi \u00e0 la qualit\u00e9 de l\u2019air et \u00e0 l\u2019atmosph\u00e8re lumineuse. J\u2019ai choisi des vari\u00e9t\u00e9s adapt\u00e9es \u00e0 la lumi\u00e8re indirecte pour les espaces plus sombres et des plantes tol\u00e9rantes \u00e0 la lumi\u00e8re directe pr\u00e8s des fen\u00eatres. Pothos, sansevieria et spathiphyllum sont mes choix faciles pour d\u00e9buter; aloe vera et foug\u00e8res apportent une \u00e9nergie plus vive pr\u00e8s des source de lumi\u00e8re. Le fa\u00e7onnage et le positionnement des plantes ajoutent une touche de \u201cdesign durable\u201d tout en purifiant l\u2019air et en rendant les espaces plus accueillants.<\/p>\n\n<ul class=\"wp-block-list\"><li>Pothos \u2014 lumi\u00e8re indirecte; purifie l\u2019air<\/li><li>Sansevieria \u2014 lumi\u00e8re faible \u00e0 indirecte; entretien r\u00e9duit<\/li><li>Aloe vera \u2014 lumi\u00e8re vive; ambiance rafra\u00eechissante<\/li><li>Spathiphyllum \u2014 humidit\u00e9 contr\u00f4l\u00e9e; fleurit<\/li><\/ul>\n\n<h3 class=\"wp-block-heading\">Planifier les travaux et conseils pratiques<\/h3>\n\n<p>Planifier ce type d\u2019optimisation lumi\u00e8re demande une approche \u00e9tape par \u00e9tape et parfois l\u2019intervention de professionnels. Je me suis appuy\u00e9 sur un audit \u00e9nerg\u00e9tique et architectural pour comprendre les contraintes et les opportunit\u00e9s, puis j\u2019ai choisi des mat\u00e9riaux certifi\u00e9s et adapt\u00e9s. Le calendrier du projet d\u00e9pend des saisons et des travaux \u00e0 r\u00e9aliser (ouvrages des ouvertures, installation de vitrages, ou v\u00e9rification de l\u2019\u00e9tanch\u00e9it\u00e9 \u00e0 l\u2019air). Le plus important est de pr\u00e9voir des p\u00e9riodes claires, et d\u2019imaginer l\u2019impact sur le confort et la consommation d\u2019\u00e9nergie sur le long terme. Si vous cherchez des ressources d\u00e9taill\u00e9es, les guides d\u2019entretien et d\u2019erreurs d\u2019am\u00e9nagement int\u00e9rieur peuvent vous \u00e9viter des gestes malavis\u00e9s et vous aider \u00e0 planifier mieux.<\/p>\n\n<ul class=\"wp-block-list\"><li>R\u00e9aliser un audit architectural et \u00e9nerg\u00e9tique<\/li><li>Choisir des mat\u00e9riaux certifi\u00e9s et adapt\u00e9s<\/li><li>Planifier les travaux au printemps pour profiter du jour plus long<\/li><li>Pr\u00e9voir des mesures de s\u00e9curit\u00e9 et d\u2019acc\u00e8s chantier<\/li><\/ul>\n\n<p>Pour compl\u00e9ter votre information, vous pouvez aussi consulter ces ressources utiles sur l\u2019int\u00e9gration des technologies et le style de d\u00e9coration int\u00e9rieure.<\/p>\n\n<p>Ressources compl\u00e9mentaires: <a href=\"https:\/\/1assurancehabitation.fr\/index.php\/integrer-nouvelles-technologies\/\">Int\u00e9grer les nouvelles technologies<\/a> et <a href=\"https:\/\/1assurancehabitation.fr\/index.php\/erreurs-amenagement-interieur\/\">Erreurs \u00e0 \u00e9viter en am\u00e9nagement int\u00e9rieur<\/a>.<\/p>\n\n<p><div><strong>R\u00e9capitulatif des actions<\/strong><\/div><\/p>\n\n<ul class=\"wp-block-list\"><li>\u00c9valuer les sources de lumi\u00e8re et les zones d\u2019ombre<\/li><li>D\u00e9sencombrer et privil\u00e9gier des meubles bas<\/li><li>Utiliser des miroirs et des surfaces r\u00e9fl\u00e9chissantes<\/li><li>Choisir des vitrages et des stores adapt\u00e9s<\/li><li>Installer des puits de lumi\u00e8re ou Velux lorsque possible<\/li><\/ul>\n\n<figure class=\"wp-block-table\"><table>\n<thead>\n<tr>\n<th>\u00c9l\u00e9ment<\/th>\n<th>R\u00f4le<\/th>\n<th>Astuces<\/th>\n<\/tr>\n<\/thead>\n<tbody>\n<tr>\n<td>Fen\u00eatres<\/td>\n<td>Source principale de lumi\u00e8re<\/td>\n<td>Opter pour des surfaces vitr\u00e9es compatibles avec l\u2019isolation, 15-25% de surface vitr\u00e9e<\/td>\n<\/tr>\n<tr>\n<td>Puits de lumi\u00e8re<\/td>\n<td>Illumine zones centrales<\/td>\n<td>Id\u00e9al pour les couloirs et sanitaires sans fen\u00eatre<\/td>\n<\/tr>\n<tr>\n<td>Stores &amp; vitrages<\/td>\n<td>Contr\u00f4le et confort thermique<\/td>\n<td>SageGlass ou stores ext\u00e9rieurs pour limiter chaleur<\/td>\n<\/tr>\n<\/tbody>\n<\/table><\/figure>\n\n<p>Pour aller plus loin dans le sens du <strong>design durable<\/strong> et de l\u2019am\u00e9nagement int\u00e9rieur, n\u2019h\u00e9sitez pas \u00e0 explorer des ressources sp\u00e9cialis\u00e9es et les guides sur les m\u00e9thodes d\u2019optimisation de la lumi\u00e8re.<\/p>\n\n<h3 class=\"wp-block-heading\">FAQ<\/h3>\n\n<script type=\"application\/ld+json\">\n{\"@context\":\"https:\/\/schema.org\",\"@type\":\"FAQPage\",\"mainEntity\":[{\"@type\":\"Question\",\"name\":\"Comment mesurer la lumiu00e8re naturelle dans une piu00e8ce sombre ?\",\"acceptedAnswer\":{\"@type\":\"Answer\",\"text\":\"Utilisez un luxmu00e8tre pour u00e9valuer lu2019u00e9clairement u00e0 diffu00e9rents moments de la journu00e9e et ajustez lu2019agencement en consu00e9quence.\"}},{\"@type\":\"Question\",\"name\":\"Quels matu00e9riaux privilu00e9gier pour diffuser la lumiu00e8re ?\",\"acceptedAnswer\":{\"@type\":\"Answer\",\"text\":\"Privilu00e9giez les surfaces claires et ru00e9flu00e9chissantes (peintures satinu00e9es, sols clairs, miroirs) et des textiles lu00e9gers pour laisser passer le jour.\"}},{\"@type\":\"Question\",\"name\":\"Les vitrages intelligents conviennent-ils u00e0 tous les logements ?\",\"acceptedAnswer\":{\"@type\":\"Answer\",\"text\":\"Les vitrages photochromiques ou u00e9lectrochromiques offrent du confort thermique variable; lu2019adaptation du00e9pend de lu2019exposition et du budget.\"}}]}\n<\/script>\n<h3>Comment mesurer la lumi\u00e8re naturelle dans une pi\u00e8ce sombre ?<\/h3>\n<p>Utilisez un luxm\u00e8tre pour \u00e9valuer l\u2019\u00e9clairement \u00e0 diff\u00e9rents moments de la journ\u00e9e et ajustez l\u2019agencement en cons\u00e9quence.<\/p>\n<h3>Quels mat\u00e9riaux privil\u00e9gier pour diffuser la lumi\u00e8re ?<\/h3>\n<p>Privil\u00e9giez les surfaces claires et r\u00e9fl\u00e9chissantes (peintures satin\u00e9es, sols clairs, miroirs) et des textiles l\u00e9gers pour laisser passer le jour.<\/p>\n<h3>Les vitrages intelligents conviennent-ils \u00e0 tous les logements ?<\/h3>\n<p>Les vitrages photochromiques ou \u00e9lectrochromiques offrent du confort thermique variable; l\u2019adaptation d\u00e9pend de l\u2019exposition et du budget.<\/p>\n\n","protected":false},"excerpt":{"rendered":"<p>En bref En 2025, j\u2019ai d\u00e9cid\u00e9 de reprendre mon petit appartement pour en faire un lieu o\u00f9 la lumi\u00e8re joue le r\u00f4le principal. Tout a commenc\u00e9 par une observation simple: certaines pi\u00e8ces poraient gagner en clart\u00e9 si on r\u00e9organisait l\u2019espace, lib\u00e9rait les vues et choisissait des finitions r\u00e9fl\u00e9chissantes. Je me suis mis en t\u00eate que [&hellip;]<\/p>\n","protected":false},"author":1,"featured_media":0,"comment_status":"open","ping_status":"open","sticky":false,"template":"","format":"standard","meta":{"_seopress_robots_primary_cat":"","_seopress_titles_title":"\ud83c\udf1e Am\u00e9nagement int\u00e9rieur : astuces pour sublimer la lumi\u00e8re naturelle \u2728","_seopress_titles_desc":"D\u00e9couvrez des conseils pratiques pour optimiser l'am\u00e9nagement int\u00e9rieur et profiter pleinement de la lumi\u00e8re naturelle dans votre maison.","_seopress_robots_index":"","footnotes":""},"categories":[101],"tags":[133,295,270,359,358],"class_list":["post-1582","post","type-post","status-publish","format-standard","hentry","category-amenagement-interieur","tag-amenagement-interieur","tag-conseils-decoration","tag-design-dinterieur","tag-eclairage-naturel","tag-lumiere-naturelle"],"blocksy_meta":[],"_links":{"self":[{"href":"https:\/\/1assurancehabitation.fr\/index.php\/wp-json\/wp\/v2\/posts\/1582","targetHints":{"allow":["GET"]}}],"collection":[{"href":"https:\/\/1assurancehabitation.fr\/index.php\/wp-json\/wp\/v2\/posts"}],"about":[{"href":"https:\/\/1assurancehabitation.fr\/index.php\/wp-json\/wp\/v2\/types\/post"}],"author":[{"embeddable":true,"href":"https:\/\/1assurancehabitation.fr\/index.php\/wp-json\/wp\/v2\/users\/1"}],"replies":[{"embeddable":true,"href":"https:\/\/1assurancehabitation.fr\/index.php\/wp-json\/wp\/v2\/comments?post=1582"}],"version-history":[{"count":0,"href":"https:\/\/1assurancehabitation.fr\/index.php\/wp-json\/wp\/v2\/posts\/1582\/revisions"}],"wp:attachment":[{"href":"https:\/\/1assurancehabitation.fr\/index.php\/wp-json\/wp\/v2\/media?parent=1582"}],"wp:term":[{"taxonomy":"category","embeddable":true,"href":"https:\/\/1assurancehabitation.fr\/index.php\/wp-json\/wp\/v2\/categories?post=1582"},{"taxonomy":"post_tag","embeddable":true,"href":"https:\/\/1assurancehabitation.fr\/index.php\/wp-json\/wp\/v2\/tags?post=1582"}],"curies":[{"name":"wp","href":"https:\/\/api.w.org\/{rel}","templated":true}]}}